{"id":3205,"date":"2024-05-22T11:19:00","date_gmt":"2024-05-22T10:19:00","guid":{"rendered":"http:\/\/doteam.fr\/?p=3205"},"modified":"2025-02-26T11:07:27","modified_gmt":"2025-02-26T10:07:27","slug":"directeur-supply-chain-groupe-h-f","status":"publish","type":"post","link":"https:\/\/doteam.fr\/fr\/directeur-supply-chain-groupe-h-f\/","title":{"rendered":"Directeur Supply Chain Groupe H\/F- poste pourvu"},"content":{"rendered":"\n<p>Notre client est une ETI familiale du Nord op\u00e9rant dans le secteur de la chimie de sp\u00e9cialit\u00e9s et r\u00e9alisant un chiffre d\u2019affaires d\u2019environ 200 millions d\u2019euros, dont 70% \u00e0 l\u2019export. Ce groupe industriel emploie 850 personnes dans une dizaine de sites de production en Europe (dont 4 en France, 2 en Allemagne, 2 en Suisse), ainsi qu\u2019en Chine et au Mexique et un r\u00e9seau international de filiales de distribution.<\/p>\n\n\n\n<p>Son mod\u00e8le d\u2019organisation a privil\u00e9gi\u00e9 jusqu\u2019ici les structures d\u00e9centralis\u00e9es localement ainsi que la sp\u00e9cialisation par secteur d\u2019activit\u00e9. La croissance des activit\u00e9s tant g\u00e9ographique que compl\u00e9mentaire sur le plan technologique, a \u00e9t\u00e9 accompagn\u00e9e d\u2019une politique R&amp;D volontariste en termes d\u2019innovation. Ce qui lui permet aujourd\u2019hui de proposer des gammes de produits \u00e0 forte valeur ajout\u00e9e \u00e0 des soci\u00e9t\u00e9s internationales et locales du monde de l\u2019automobile, du ferroviaire, de l\u2019a\u00e9ronautique et de la D\u00e9fense principalement, mais aussi du b\u00e2timent, de la construction, du maritime, de l\u2019\u00e9nergie et du packaging\u2026<\/p>\n\n\n\n<p>Pour acc\u00e9l\u00e9rer la conqu\u00eate de nouveaux march\u00e9s internationaux et atteindre une meilleure performance industrielle globale, la soci\u00e9t\u00e9 cr\u00e9e le poste de&nbsp;<\/p>\n\n\n\n<p><strong>Directeur Supply Chain Groupe H\/F<\/strong><\/p>\n\n\n\n<p>Nord<\/p>\n\n\n\n<p>Sous la responsabilit\u00e9 hi\u00e9rarchique du Directeur G\u00e9n\u00e9ral \/Op\u00e9rations, vous rejoignez le Comit\u00e9 de Direction du Groupe&nbsp;; vos missions se concentrent en Europe et pourront s\u2019\u00e9tendre \u00e0 d\u2019autres pays pour proposer des synergies op\u00e9rationnelles.<\/p>\n\n\n\n<p>Vous assurez la gestion de la chaine logistique, des fournisseurs jusqu&rsquo;aux clients, en garantissant les approvisionnements, la planification des produits en lien avec la production et les exp\u00e9ditions, ainsi que la gestion des donn\u00e9es et des processus.<\/p>\n\n\n\n<p><strong><u>Vos missions principales (liste non exhaustive)<\/u><\/strong><\/p>\n\n\n\n<ul class=\"wp-block-list\"><li>Vous \u00eates garant de l\u2019optimisation des flux amont et aval pour un taux de service client optimal. Vous avez la responsabilit\u00e9 de la r\u00e9activit\u00e9 du processus Supply Chain, des flux, de la commande des mati\u00e8res premi\u00e8res jusqu\u2019\u00e0 l\u2019exp\u00e9dition chez nos clients, en passant par la livraison des usines. Vous pilotez les \u00e9quipes pr\u00e9sentes dans les diff\u00e9rents sites industriels du Groupe.<\/li><li>Vous d\u00e9finissez et d\u00e9ployez l\u2019ensemble des moyens humains, techniques et organisationnels sur sites en collaboration avec les services internes (Commercial, Marketing, Achats, Finance\u2026) ou partenaires (prestataires logistiques, transporteurs). Vous assurez donc le lien avec les diff\u00e9rents services internes (production, qualit\u00e9, HSE etc.), les fonctions centrales (commerciales, comptabilit\u00e9 etc.) et les acteurs externes.<\/li><li>Vous menez la n\u00e9cessaire transformation de notre organisation en accompagnant les \u00e9quipes \u00e0 tous les niveaux de l\u2019organisation, en faisant \u00e9voluer les processus et valorisant les objectifs et KPI\u2019s cl\u00e9s pour un meilleur pilotage op\u00e9rationnel.<\/li><\/ul>\n\n\n\n<p><strong>PROFIL <\/strong><strong><\/strong><\/p>\n\n\n\n<p>De formation sup\u00e9rieure compl\u00e9t\u00e9e d\u2019une sp\u00e9cialisation en Supply Chain, vous justifiez d\u2019une exp\u00e9rience d\u2019une quinzaine d\u2019ann\u00e9es en management op\u00e9rationnel multisites, au sein d\u2019une industrie r\u00e9f\u00e9rente en termes de flux industriels dans un contexte international.<\/p>\n\n\n\n<p>Manager accompli, vous \u00eates dot\u00e9 de la hauteur de vue n\u00e9cessaire pour int\u00e9grer vos actions dans la strat\u00e9gie globale de l\u2019entreprise. Homme de terrain dot\u00e9 d\u2019une autorit\u00e9 naturelle, vous savez proposer de nouveaux sch\u00e9mas innovants et f\u00e9d\u00e9rer l\u2019ensemble des \u00e9quipes associ\u00e9es aux projets. Structur\u00e9, flexible et pragmatique, vous communiquez \u00e0 chaque \u00e9tape de la transformation de la Supply Chain.<\/p>\n\n\n\n<p>Vous poss\u00e9dez de solides connaissances dans les m\u00e9thodes et syst\u00e8mes en lien avec l&rsquo;am\u00e9lioration continue (Lean Management, Six Sigma etc.) ainsi que dans ceux relatifs \u00e0 la gestion de la qualit\u00e9. Une connaissance de l\u2019ERP SAP serait un atout.<\/p>\n\n\n\n<p>Vous parlez anglais couramment tant pour mener \u00e0 bien votre mission que pour \u00e9voluer au sein de notre Groupe.<\/p>\n","protected":false},"excerpt":{"rendered":"<p>Notre client est une ETI familiale du Nord op\u00e9rant dans le secteur de la chimie de sp\u00e9cialit\u00e9s et r\u00e9alisant un&#8230;<\/p>\n","protected":false},"author":4,"featured_media":0,"comment_status":"closed","ping_status":"closed","sticky":false,"template":"","format":"standard","meta":{"footnotes":""},"categories":[6,1],"tags":[],"class_list":["post-3205","post","type-post","status-publish","format-standard","hentry","category-industrieingenierie","category-non-classe"],"yoast_head":"<!-- This site is optimized with the Yoast SEO plugin v27.5 - https:\/\/yoast.com\/product\/yoast-seo-wordpress\/ -->\n<title>Directeur Supply Chain Groupe H\/F- poste pourvu - DOTEAM : Executive Search<\/title>\n<meta name=\"robots\" content=\"index, follow, max-snippet:-1, max-image-preview:large, max-video-preview:-1\" \/>\n<link rel=\"canonical\" href=\"https:\/\/doteam.fr\/fr\/directeur-supply-chain-groupe-h-f\/\" \/>\n<meta property=\"og:locale\" content=\"fr_FR\" \/>\n<meta property=\"og:type\" content=\"article\" \/>\n<meta property=\"og:title\" content=\"Directeur Supply Chain Groupe H\/F- poste pourvu - DOTEAM : Executive Search\" \/>\n<meta property=\"og:description\" content=\"Notre client est une ETI familiale du Nord op\u00e9rant dans le secteur de la chimie de sp\u00e9cialit\u00e9s et r\u00e9alisant un...\" \/>\n<meta property=\"og:url\" content=\"https:\/\/doteam.fr\/fr\/directeur-supply-chain-groupe-h-f\/\" \/>\n<meta property=\"og:site_name\" content=\"DOTEAM : Executive Search\" \/>\n<meta property=\"article:published_time\" content=\"2024-05-22T10:19:00+00:00\" \/>\n<meta property=\"article:modified_time\" content=\"2025-02-26T10:07:27+00:00\" \/>\n<meta name=\"author\" content=\"Karine Smadja\" \/>\n<meta name=\"twitter:label1\" content=\"\u00c9crit par\" \/>\n\t<meta name=\"twitter:data1\" content=\"Karine Smadja\" \/>\n\t<meta name=\"twitter:label2\" content=\"Dur\u00e9e de lecture estim\u00e9e\" \/>\n\t<meta name=\"twitter:data2\" content=\"3 minutes\" \/>\n<script type=\"application\/ld+json\" class=\"yoast-schema-graph\">{\"@context\":\"https:\\\/\\\/schema.org\",\"@graph\":[{\"@type\":\"Article\",\"@id\":\"https:\\\/\\\/doteam.fr\\\/fr\\\/directeur-supply-chain-groupe-h-f\\\/#article\",\"isPartOf\":{\"@id\":\"https:\\\/\\\/doteam.fr\\\/fr\\\/directeur-supply-chain-groupe-h-f\\\/\"},\"author\":{\"name\":\"Karine Smadja\",\"@id\":\"https:\\\/\\\/doteam.fr\\\/fr\\\/#\\\/schema\\\/person\\\/94db293b1a96ab486473408dcd95c1b4\"},\"headline\":\"Directeur Supply Chain Groupe H\\\/F- poste pourvu\",\"datePublished\":\"2024-05-22T10:19:00+00:00\",\"dateModified\":\"2025-02-26T10:07:27+00:00\",\"mainEntityOfPage\":{\"@id\":\"https:\\\/\\\/doteam.fr\\\/fr\\\/directeur-supply-chain-groupe-h-f\\\/\"},\"wordCount\":652,\"publisher\":{\"@id\":\"https:\\\/\\\/doteam.fr\\\/fr\\\/#organization\"},\"articleSection\":[\"Industrie &amp; Ing\u00e9nierie\"],\"inLanguage\":\"fr-FR\"},{\"@type\":\"WebPage\",\"@id\":\"https:\\\/\\\/doteam.fr\\\/fr\\\/directeur-supply-chain-groupe-h-f\\\/\",\"url\":\"https:\\\/\\\/doteam.fr\\\/fr\\\/directeur-supply-chain-groupe-h-f\\\/\",\"name\":\"Directeur Supply Chain Groupe H\\\/F- poste pourvu - DOTEAM : Executive Search\",\"isPartOf\":{\"@id\":\"https:\\\/\\\/doteam.fr\\\/fr\\\/#website\"},\"datePublished\":\"2024-05-22T10:19:00+00:00\",\"dateModified\":\"2025-02-26T10:07:27+00:00\",\"breadcrumb\":{\"@id\":\"https:\\\/\\\/doteam.fr\\\/fr\\\/directeur-supply-chain-groupe-h-f\\\/#breadcrumb\"},\"inLanguage\":\"fr-FR\",\"potentialAction\":[{\"@type\":\"ReadAction\",\"target\":[\"https:\\\/\\\/doteam.fr\\\/fr\\\/directeur-supply-chain-groupe-h-f\\\/\"]}]},{\"@type\":\"BreadcrumbList\",\"@id\":\"https:\\\/\\\/doteam.fr\\\/fr\\\/directeur-supply-chain-groupe-h-f\\\/#breadcrumb\",\"itemListElement\":[{\"@type\":\"ListItem\",\"position\":1,\"name\":\"Home\",\"item\":\"https:\\\/\\\/doteam.fr\\\/fr\\\/\"},{\"@type\":\"ListItem\",\"position\":2,\"name\":\"Directeur Supply Chain Groupe H\\\/F- poste pourvu\"}]},{\"@type\":\"WebSite\",\"@id\":\"https:\\\/\\\/doteam.fr\\\/fr\\\/#website\",\"url\":\"https:\\\/\\\/doteam.fr\\\/fr\\\/\",\"name\":\"DOTEAM : Executive Search\",\"description\":\"Les talents en action\",\"publisher\":{\"@id\":\"https:\\\/\\\/doteam.fr\\\/fr\\\/#organization\"},\"potentialAction\":[{\"@type\":\"SearchAction\",\"target\":{\"@type\":\"EntryPoint\",\"urlTemplate\":\"https:\\\/\\\/doteam.fr\\\/fr\\\/?s={search_term_string}\"},\"query-input\":{\"@type\":\"PropertyValueSpecification\",\"valueRequired\":true,\"valueName\":\"search_term_string\"}}],\"inLanguage\":\"fr-FR\"},{\"@type\":\"Organization\",\"@id\":\"https:\\\/\\\/doteam.fr\\\/fr\\\/#organization\",\"name\":\"DOTEAM : Executive Search\",\"url\":\"https:\\\/\\\/doteam.fr\\\/fr\\\/\",\"logo\":{\"@type\":\"ImageObject\",\"inLanguage\":\"fr-FR\",\"@id\":\"https:\\\/\\\/doteam.fr\\\/fr\\\/#\\\/schema\\\/logo\\\/image\\\/\",\"url\":\"https:\\\/\\\/doteam.fr\\\/wp-content\\\/uploads\\\/2021\\\/05\\\/cropped-Fichier-5@3x.png\",\"contentUrl\":\"https:\\\/\\\/doteam.fr\\\/wp-content\\\/uploads\\\/2021\\\/05\\\/cropped-Fichier-5@3x.png\",\"width\":302,\"height\":154,\"caption\":\"DOTEAM : Executive Search\"},\"image\":{\"@id\":\"https:\\\/\\\/doteam.fr\\\/fr\\\/#\\\/schema\\\/logo\\\/image\\\/\"}},{\"@type\":\"Person\",\"@id\":\"https:\\\/\\\/doteam.fr\\\/fr\\\/#\\\/schema\\\/person\\\/94db293b1a96ab486473408dcd95c1b4\",\"name\":\"Karine Smadja\",\"url\":\"https:\\\/\\\/doteam.fr\\\/fr\\\/author\\\/ksmadja\\\/\"}]}<\/script>\n<!-- \/ Yoast SEO plugin. -->","yoast_head_json":{"title":"Directeur Supply Chain Groupe H\/F- poste pourvu - DOTEAM : Executive Search","robots":{"index":"index","follow":"follow","max-snippet":"max-snippet:-1","max-image-preview":"max-image-preview:large","max-video-preview":"max-video-preview:-1"},"canonical":"https:\/\/doteam.fr\/fr\/directeur-supply-chain-groupe-h-f\/","og_locale":"fr_FR","og_type":"article","og_title":"Directeur Supply Chain Groupe H\/F- poste pourvu - DOTEAM : Executive Search","og_description":"Notre client est une ETI familiale du Nord op\u00e9rant dans le secteur de la chimie de sp\u00e9cialit\u00e9s et r\u00e9alisant un...","og_url":"https:\/\/doteam.fr\/fr\/directeur-supply-chain-groupe-h-f\/","og_site_name":"DOTEAM : Executive Search","article_published_time":"2024-05-22T10:19:00+00:00","article_modified_time":"2025-02-26T10:07:27+00:00","author":"Karine Smadja","twitter_misc":{"\u00c9crit par":"Karine Smadja","Dur\u00e9e de lecture estim\u00e9e":"3 minutes"},"schema":{"@context":"https:\/\/schema.org","@graph":[{"@type":"Article","@id":"https:\/\/doteam.fr\/fr\/directeur-supply-chain-groupe-h-f\/#article","isPartOf":{"@id":"https:\/\/doteam.fr\/fr\/directeur-supply-chain-groupe-h-f\/"},"author":{"name":"Karine Smadja","@id":"https:\/\/doteam.fr\/fr\/#\/schema\/person\/94db293b1a96ab486473408dcd95c1b4"},"headline":"Directeur Supply Chain Groupe H\/F- poste pourvu","datePublished":"2024-05-22T10:19:00+00:00","dateModified":"2025-02-26T10:07:27+00:00","mainEntityOfPage":{"@id":"https:\/\/doteam.fr\/fr\/directeur-supply-chain-groupe-h-f\/"},"wordCount":652,"publisher":{"@id":"https:\/\/doteam.fr\/fr\/#organization"},"articleSection":["Industrie &amp; Ing\u00e9nierie"],"inLanguage":"fr-FR"},{"@type":"WebPage","@id":"https:\/\/doteam.fr\/fr\/directeur-supply-chain-groupe-h-f\/","url":"https:\/\/doteam.fr\/fr\/directeur-supply-chain-groupe-h-f\/","name":"Directeur Supply Chain Groupe H\/F- poste pourvu - DOTEAM : Executive Search","isPartOf":{"@id":"https:\/\/doteam.fr\/fr\/#website"},"datePublished":"2024-05-22T10:19:00+00:00","dateModified":"2025-02-26T10:07:27+00:00","breadcrumb":{"@id":"https:\/\/doteam.fr\/fr\/directeur-supply-chain-groupe-h-f\/#breadcrumb"},"inLanguage":"fr-FR","potentialAction":[{"@type":"ReadAction","target":["https:\/\/doteam.fr\/fr\/directeur-supply-chain-groupe-h-f\/"]}]},{"@type":"BreadcrumbList","@id":"https:\/\/doteam.fr\/fr\/directeur-supply-chain-groupe-h-f\/#breadcrumb","itemListElement":[{"@type":"ListItem","position":1,"name":"Home","item":"https:\/\/doteam.fr\/fr\/"},{"@type":"ListItem","position":2,"name":"Directeur Supply Chain Groupe H\/F- poste pourvu"}]},{"@type":"WebSite","@id":"https:\/\/doteam.fr\/fr\/#website","url":"https:\/\/doteam.fr\/fr\/","name":"DOTEAM : Executive Search","description":"Les talents en action","publisher":{"@id":"https:\/\/doteam.fr\/fr\/#organization"},"potentialAction":[{"@type":"SearchAction","target":{"@type":"EntryPoint","urlTemplate":"https:\/\/doteam.fr\/fr\/?s={search_term_string}"},"query-input":{"@type":"PropertyValueSpecification","valueRequired":true,"valueName":"search_term_string"}}],"inLanguage":"fr-FR"},{"@type":"Organization","@id":"https:\/\/doteam.fr\/fr\/#organization","name":"DOTEAM : Executive Search","url":"https:\/\/doteam.fr\/fr\/","logo":{"@type":"ImageObject","inLanguage":"fr-FR","@id":"https:\/\/doteam.fr\/fr\/#\/schema\/logo\/image\/","url":"https:\/\/doteam.fr\/wp-content\/uploads\/2021\/05\/cropped-Fichier-5@3x.png","contentUrl":"https:\/\/doteam.fr\/wp-content\/uploads\/2021\/05\/cropped-Fichier-5@3x.png","width":302,"height":154,"caption":"DOTEAM : Executive Search"},"image":{"@id":"https:\/\/doteam.fr\/fr\/#\/schema\/logo\/image\/"}},{"@type":"Person","@id":"https:\/\/doteam.fr\/fr\/#\/schema\/person\/94db293b1a96ab486473408dcd95c1b4","name":"Karine Smadja","url":"https:\/\/doteam.fr\/fr\/author\/ksmadja\/"}]}},"jetpack_featured_media_url":"","_links":{"self":[{"href":"https:\/\/doteam.fr\/fr\/wp-json\/wp\/v2\/posts\/3205","targetHints":{"allow":["GET"]}}],"collection":[{"href":"https:\/\/doteam.fr\/fr\/wp-json\/wp\/v2\/posts"}],"about":[{"href":"https:\/\/doteam.fr\/fr\/wp-json\/wp\/v2\/types\/post"}],"author":[{"embeddable":true,"href":"https:\/\/doteam.fr\/fr\/wp-json\/wp\/v2\/users\/4"}],"replies":[{"embeddable":true,"href":"https:\/\/doteam.fr\/fr\/wp-json\/wp\/v2\/comments?post=3205"}],"version-history":[{"count":4,"href":"https:\/\/doteam.fr\/fr\/wp-json\/wp\/v2\/posts\/3205\/revisions"}],"predecessor-version":[{"id":3603,"href":"https:\/\/doteam.fr\/fr\/wp-json\/wp\/v2\/posts\/3205\/revisions\/3603"}],"wp:attachment":[{"href":"https:\/\/doteam.fr\/fr\/wp-json\/wp\/v2\/media?parent=3205"}],"wp:term":[{"taxonomy":"category","embeddable":true,"href":"https:\/\/doteam.fr\/fr\/wp-json\/wp\/v2\/categories?post=3205"},{"taxonomy":"post_tag","embeddable":true,"href":"https:\/\/doteam.fr\/fr\/wp-json\/wp\/v2\/tags?post=3205"}],"curies":[{"name":"wp","href":"https:\/\/api.w.org\/{rel}","templated":true}]}}