{"id":2047,"date":"2024-10-03T10:20:54","date_gmt":"2024-10-03T09:20:54","guid":{"rendered":"http:\/\/doteam.fr\/?p=2047"},"modified":"2025-02-26T11:04:27","modified_gmt":"2025-02-26T10:04:27","slug":"directeur-hf-poste-pourvu","status":"publish","type":"post","link":"https:\/\/doteam.fr\/fr\/directeur-hf-poste-pourvu\/","title":{"rendered":"Directeur des SI H\/F poste pourvu"},"content":{"rendered":"<p>Leader en France et dans les DOM-TOM, pr\u00e9sente en Afrique et au Maghreb (franchises), notre PME familiale fond\u00e9e en 1991 et cot\u00e9e \u00e0 l\u2019Euronext (80 M\u20ac CA), distribue des produits High Tech (objets connect\u00e9s, mobilit\u00e9..), \u00e0 fort contenu technologique, gr\u00e2ce \u00e0 un marketing produit innovant et un sourcing performant. Dans le cadre d\u2019une cr\u00e9ation de poste, nous recherchons notre :<\/p>\n<p style=\"text-align: center;\">DIRECTEUR DES SYSTEMES D\u2019INFORMATION H\/F<br \/>\nILE DE FRANCE<\/p>\n<p>Reportant au Directeur G\u00e9n\u00e9ral et membre du Comit\u00e9 de Direction, vous \u00eates responsable de la transformation IT de notre organisation : \u00e9volution de la s\u00e9curisation et du maintien en condition op\u00e9rationnelle de notre Syst\u00e8me d\u2019Information ainsi que professionnalisation de votre \u00e9quipe et satisfaction de vos utilisateurs.<br \/>\nVotre mission consiste \u00e0 piloter l\u2019organisation, \u00e0 d\u00e9finir les ressources, \u00e0 r\u00e9partir les r\u00f4les au sein de votre service et \u00e0 apporter une m\u00e9thodologie de conduite de projets pour accompagner la transformation de notre organisation.<\/p>\n<p>Missions (liste non exhaustive) :<\/p>\n<p>1 Strat\u00e9gie et Management<\/p>\n<p>&#8211; Vous d\u00e9finissez et mettez en \u0153uvre, avec la Direction G\u00e9n\u00e9rale, le sch\u00e9ma directeur et la gouvernance informatique,<br \/>\n&#8211; Vous pilotez les contrats de services avec les partenaires externes,<br \/>\n&#8211; Vous managez et faites grandir vos collaborateurs,<br \/>\n&#8211; Vous g\u00e9rez et optimisez les budgets de votre d\u00e9partement.<\/p>\n<p>2 Op\u00e9rationnel<\/p>\n<p>&#8211; Vous recensez, arbitrez et sp\u00e9cifiez les besoins exprim\u00e9s par les Directions Internes,<br \/>\n&#8211; Vous vous assurez de la bonne compr\u00e9hension des besoins par votre \u00e9quipe ou vos prestataires,<br \/>\n&#8211; Vous supervisez le bon d\u00e9roulement des projets dans le respect des normes et standards d\u00e9finis,<br \/>\n&#8211; Vous d\u00e9ployez les m\u00e9thodologies et indicateurs en mesure d\u2019optimiser et de structurer l\u2019activit\u00e9,<br \/>\n&#8211; Vous garantissez la qualit\u00e9 de service apport\u00e9e aux utilisateurs,<br \/>\n&#8211; Vous menez une veille concurrentielle et technologique permanente.<\/p>\n<p>Profil :<\/p>\n<p>Issu(e) d\u2019une formation technique sup\u00e9rieure, vous avez un parcours d\u2019au moins 10 ann\u00e9es au sein de DSI dans un environnement Commerce\/Grande Distribution et avez pilot\u00e9, en qualit\u00e9 de DSI\/RSI ou Directeur de Projet SI, la mise en \u0153uvre ou la migration d\u2019un ERP. Vous avez ainsi une vision globale des syst\u00e8mes d\u2019information tout en \u00e9tant \u00e9galement proche du terrain.<\/p>\n<p>Bon communicant(e), rigoureux(se) et autonome, vous \u00eates dot\u00e9(e) de qualit\u00e9s d\u2019\u00e9coute et de n\u00e9gociation pour f\u00e9d\u00e9rer des \u00e9quipes autour de projets ambitieux et \u00eates reconnu(e) pour votre capacit\u00e9 \u00e0 accompagner les transformations d\u2019organisation. De temp\u00e9rament entreprenant vous aimez \u00e9voluer dans un contexte exigeant et en pleine \u00e9volution.<\/p>\n<p>Enfin, vous parlez anglais couramment pour mener \u00e0 bien votre mission et accompagner nos d\u00e9veloppements futurs.<\/p>\n","protected":false},"excerpt":{"rendered":"<p>Leader en France et dans les DOM-TOM, pr\u00e9sente en Afrique et au Maghreb (franchises), notre PME familiale fond\u00e9e en 1991&#8230;<\/p>\n","protected":false},"author":4,"featured_media":0,"comment_status":"closed","ping_status":"closed","sticky":false,"template":"","format":"standard","meta":{"footnotes":""},"categories":[25],"tags":[],"class_list":["post-2047","post","type-post","status-publish","format-standard","hentry","category-distribution"],"yoast_head":"<!-- This site is optimized with the Yoast SEO plugin v27.5 - https:\/\/yoast.com\/product\/yoast-seo-wordpress\/ -->\n<title>Directeur des SI H\/F poste pourvu - DOTEAM : Executive Search<\/title>\n<meta name=\"robots\" content=\"index, follow, max-snippet:-1, max-image-preview:large, max-video-preview:-1\" \/>\n<link rel=\"canonical\" href=\"https:\/\/doteam.fr\/fr\/directeur-hf-poste-pourvu\/\" \/>\n<meta property=\"og:locale\" content=\"fr_FR\" \/>\n<meta property=\"og:type\" content=\"article\" \/>\n<meta property=\"og:title\" content=\"Directeur des SI H\/F poste pourvu - DOTEAM : Executive Search\" \/>\n<meta property=\"og:description\" content=\"Leader en France et dans les DOM-TOM, pr\u00e9sente en Afrique et au Maghreb (franchises), notre PME familiale fond\u00e9e en 1991...\" \/>\n<meta property=\"og:url\" content=\"https:\/\/doteam.fr\/fr\/directeur-hf-poste-pourvu\/\" \/>\n<meta property=\"og:site_name\" content=\"DOTEAM : Executive Search\" \/>\n<meta property=\"article:published_time\" content=\"2024-10-03T09:20:54+00:00\" \/>\n<meta property=\"article:modified_time\" content=\"2025-02-26T10:04:27+00:00\" \/>\n<meta name=\"author\" content=\"Karine Smadja\" \/>\n<meta name=\"twitter:label1\" content=\"\u00c9crit par\" \/>\n\t<meta name=\"twitter:data1\" content=\"Karine Smadja\" \/>\n\t<meta name=\"twitter:label2\" content=\"Dur\u00e9e de lecture estim\u00e9e\" \/>\n\t<meta name=\"twitter:data2\" content=\"3 minutes\" \/>\n<script type=\"application\/ld+json\" class=\"yoast-schema-graph\">{\"@context\":\"https:\\\/\\\/schema.org\",\"@graph\":[{\"@type\":\"Article\",\"@id\":\"https:\\\/\\\/doteam.fr\\\/fr\\\/directeur-hf-poste-pourvu\\\/#article\",\"isPartOf\":{\"@id\":\"https:\\\/\\\/doteam.fr\\\/fr\\\/directeur-hf-poste-pourvu\\\/\"},\"author\":{\"name\":\"Karine Smadja\",\"@id\":\"https:\\\/\\\/doteam.fr\\\/fr\\\/#\\\/schema\\\/person\\\/94db293b1a96ab486473408dcd95c1b4\"},\"headline\":\"Directeur des SI H\\\/F poste pourvu\",\"datePublished\":\"2024-10-03T09:20:54+00:00\",\"dateModified\":\"2025-02-26T10:04:27+00:00\",\"mainEntityOfPage\":{\"@id\":\"https:\\\/\\\/doteam.fr\\\/fr\\\/directeur-hf-poste-pourvu\\\/\"},\"wordCount\":459,\"publisher\":{\"@id\":\"https:\\\/\\\/doteam.fr\\\/fr\\\/#organization\"},\"articleSection\":[\"Distribution\"],\"inLanguage\":\"fr-FR\"},{\"@type\":\"WebPage\",\"@id\":\"https:\\\/\\\/doteam.fr\\\/fr\\\/directeur-hf-poste-pourvu\\\/\",\"url\":\"https:\\\/\\\/doteam.fr\\\/fr\\\/directeur-hf-poste-pourvu\\\/\",\"name\":\"Directeur des SI H\\\/F poste pourvu - DOTEAM : Executive Search\",\"isPartOf\":{\"@id\":\"https:\\\/\\\/doteam.fr\\\/fr\\\/#website\"},\"datePublished\":\"2024-10-03T09:20:54+00:00\",\"dateModified\":\"2025-02-26T10:04:27+00:00\",\"breadcrumb\":{\"@id\":\"https:\\\/\\\/doteam.fr\\\/fr\\\/directeur-hf-poste-pourvu\\\/#breadcrumb\"},\"inLanguage\":\"fr-FR\",\"potentialAction\":[{\"@type\":\"ReadAction\",\"target\":[\"https:\\\/\\\/doteam.fr\\\/fr\\\/directeur-hf-poste-pourvu\\\/\"]}]},{\"@type\":\"BreadcrumbList\",\"@id\":\"https:\\\/\\\/doteam.fr\\\/fr\\\/directeur-hf-poste-pourvu\\\/#breadcrumb\",\"itemListElement\":[{\"@type\":\"ListItem\",\"position\":1,\"name\":\"Home\",\"item\":\"https:\\\/\\\/doteam.fr\\\/fr\\\/\"},{\"@type\":\"ListItem\",\"position\":2,\"name\":\"Directeur des SI H\\\/F poste pourvu\"}]},{\"@type\":\"WebSite\",\"@id\":\"https:\\\/\\\/doteam.fr\\\/fr\\\/#website\",\"url\":\"https:\\\/\\\/doteam.fr\\\/fr\\\/\",\"name\":\"DOTEAM : Executive Search\",\"description\":\"Les talents en action\",\"publisher\":{\"@id\":\"https:\\\/\\\/doteam.fr\\\/fr\\\/#organization\"},\"potentialAction\":[{\"@type\":\"SearchAction\",\"target\":{\"@type\":\"EntryPoint\",\"urlTemplate\":\"https:\\\/\\\/doteam.fr\\\/fr\\\/?s={search_term_string}\"},\"query-input\":{\"@type\":\"PropertyValueSpecification\",\"valueRequired\":true,\"valueName\":\"search_term_string\"}}],\"inLanguage\":\"fr-FR\"},{\"@type\":\"Organization\",\"@id\":\"https:\\\/\\\/doteam.fr\\\/fr\\\/#organization\",\"name\":\"DOTEAM : Executive Search\",\"url\":\"https:\\\/\\\/doteam.fr\\\/fr\\\/\",\"logo\":{\"@type\":\"ImageObject\",\"inLanguage\":\"fr-FR\",\"@id\":\"https:\\\/\\\/doteam.fr\\\/fr\\\/#\\\/schema\\\/logo\\\/image\\\/\",\"url\":\"https:\\\/\\\/doteam.fr\\\/wp-content\\\/uploads\\\/2021\\\/05\\\/cropped-Fichier-5@3x.png\",\"contentUrl\":\"https:\\\/\\\/doteam.fr\\\/wp-content\\\/uploads\\\/2021\\\/05\\\/cropped-Fichier-5@3x.png\",\"width\":302,\"height\":154,\"caption\":\"DOTEAM : Executive Search\"},\"image\":{\"@id\":\"https:\\\/\\\/doteam.fr\\\/fr\\\/#\\\/schema\\\/logo\\\/image\\\/\"}},{\"@type\":\"Person\",\"@id\":\"https:\\\/\\\/doteam.fr\\\/fr\\\/#\\\/schema\\\/person\\\/94db293b1a96ab486473408dcd95c1b4\",\"name\":\"Karine Smadja\",\"url\":\"https:\\\/\\\/doteam.fr\\\/fr\\\/author\\\/ksmadja\\\/\"}]}<\/script>\n<!-- \/ Yoast SEO plugin. -->","yoast_head_json":{"title":"Directeur des SI H\/F poste pourvu - DOTEAM : Executive Search","robots":{"index":"index","follow":"follow","max-snippet":"max-snippet:-1","max-image-preview":"max-image-preview:large","max-video-preview":"max-video-preview:-1"},"canonical":"https:\/\/doteam.fr\/fr\/directeur-hf-poste-pourvu\/","og_locale":"fr_FR","og_type":"article","og_title":"Directeur des SI H\/F poste pourvu - DOTEAM : Executive Search","og_description":"Leader en France et dans les DOM-TOM, pr\u00e9sente en Afrique et au Maghreb (franchises), notre PME familiale fond\u00e9e en 1991...","og_url":"https:\/\/doteam.fr\/fr\/directeur-hf-poste-pourvu\/","og_site_name":"DOTEAM : Executive Search","article_published_time":"2024-10-03T09:20:54+00:00","article_modified_time":"2025-02-26T10:04:27+00:00","author":"Karine Smadja","twitter_misc":{"\u00c9crit par":"Karine Smadja","Dur\u00e9e de lecture estim\u00e9e":"3 minutes"},"schema":{"@context":"https:\/\/schema.org","@graph":[{"@type":"Article","@id":"https:\/\/doteam.fr\/fr\/directeur-hf-poste-pourvu\/#article","isPartOf":{"@id":"https:\/\/doteam.fr\/fr\/directeur-hf-poste-pourvu\/"},"author":{"name":"Karine Smadja","@id":"https:\/\/doteam.fr\/fr\/#\/schema\/person\/94db293b1a96ab486473408dcd95c1b4"},"headline":"Directeur des SI H\/F poste pourvu","datePublished":"2024-10-03T09:20:54+00:00","dateModified":"2025-02-26T10:04:27+00:00","mainEntityOfPage":{"@id":"https:\/\/doteam.fr\/fr\/directeur-hf-poste-pourvu\/"},"wordCount":459,"publisher":{"@id":"https:\/\/doteam.fr\/fr\/#organization"},"articleSection":["Distribution"],"inLanguage":"fr-FR"},{"@type":"WebPage","@id":"https:\/\/doteam.fr\/fr\/directeur-hf-poste-pourvu\/","url":"https:\/\/doteam.fr\/fr\/directeur-hf-poste-pourvu\/","name":"Directeur des SI H\/F poste pourvu - DOTEAM : Executive Search","isPartOf":{"@id":"https:\/\/doteam.fr\/fr\/#website"},"datePublished":"2024-10-03T09:20:54+00:00","dateModified":"2025-02-26T10:04:27+00:00","breadcrumb":{"@id":"https:\/\/doteam.fr\/fr\/directeur-hf-poste-pourvu\/#breadcrumb"},"inLanguage":"fr-FR","potentialAction":[{"@type":"ReadAction","target":["https:\/\/doteam.fr\/fr\/directeur-hf-poste-pourvu\/"]}]},{"@type":"BreadcrumbList","@id":"https:\/\/doteam.fr\/fr\/directeur-hf-poste-pourvu\/#breadcrumb","itemListElement":[{"@type":"ListItem","position":1,"name":"Home","item":"https:\/\/doteam.fr\/fr\/"},{"@type":"ListItem","position":2,"name":"Directeur des SI H\/F poste pourvu"}]},{"@type":"WebSite","@id":"https:\/\/doteam.fr\/fr\/#website","url":"https:\/\/doteam.fr\/fr\/","name":"DOTEAM : Executive Search","description":"Les talents en action","publisher":{"@id":"https:\/\/doteam.fr\/fr\/#organization"},"potentialAction":[{"@type":"SearchAction","target":{"@type":"EntryPoint","urlTemplate":"https:\/\/doteam.fr\/fr\/?s={search_term_string}"},"query-input":{"@type":"PropertyValueSpecification","valueRequired":true,"valueName":"search_term_string"}}],"inLanguage":"fr-FR"},{"@type":"Organization","@id":"https:\/\/doteam.fr\/fr\/#organization","name":"DOTEAM : Executive Search","url":"https:\/\/doteam.fr\/fr\/","logo":{"@type":"ImageObject","inLanguage":"fr-FR","@id":"https:\/\/doteam.fr\/fr\/#\/schema\/logo\/image\/","url":"https:\/\/doteam.fr\/wp-content\/uploads\/2021\/05\/cropped-Fichier-5@3x.png","contentUrl":"https:\/\/doteam.fr\/wp-content\/uploads\/2021\/05\/cropped-Fichier-5@3x.png","width":302,"height":154,"caption":"DOTEAM : Executive Search"},"image":{"@id":"https:\/\/doteam.fr\/fr\/#\/schema\/logo\/image\/"}},{"@type":"Person","@id":"https:\/\/doteam.fr\/fr\/#\/schema\/person\/94db293b1a96ab486473408dcd95c1b4","name":"Karine Smadja","url":"https:\/\/doteam.fr\/fr\/author\/ksmadja\/"}]}},"jetpack_featured_media_url":"","_links":{"self":[{"href":"https:\/\/doteam.fr\/fr\/wp-json\/wp\/v2\/posts\/2047","targetHints":{"allow":["GET"]}}],"collection":[{"href":"https:\/\/doteam.fr\/fr\/wp-json\/wp\/v2\/posts"}],"about":[{"href":"https:\/\/doteam.fr\/fr\/wp-json\/wp\/v2\/types\/post"}],"author":[{"embeddable":true,"href":"https:\/\/doteam.fr\/fr\/wp-json\/wp\/v2\/users\/4"}],"replies":[{"embeddable":true,"href":"https:\/\/doteam.fr\/fr\/wp-json\/wp\/v2\/comments?post=2047"}],"version-history":[{"count":2,"href":"https:\/\/doteam.fr\/fr\/wp-json\/wp\/v2\/posts\/2047\/revisions"}],"predecessor-version":[{"id":3601,"href":"https:\/\/doteam.fr\/fr\/wp-json\/wp\/v2\/posts\/2047\/revisions\/3601"}],"wp:attachment":[{"href":"https:\/\/doteam.fr\/fr\/wp-json\/wp\/v2\/media?parent=2047"}],"wp:term":[{"taxonomy":"category","embeddable":true,"href":"https:\/\/doteam.fr\/fr\/wp-json\/wp\/v2\/categories?post=2047"},{"taxonomy":"post_tag","embeddable":true,"href":"https:\/\/doteam.fr\/fr\/wp-json\/wp\/v2\/tags?post=2047"}],"curies":[{"name":"wp","href":"https:\/\/api.w.org\/{rel}","templated":true}]}}